{"id":711,"date":"2017-01-20T22:34:38","date_gmt":"2017-01-20T22:34:38","guid":{"rendered":"http:\/\/greg.lecairn.org\/?p=711"},"modified":"2017-03-16T23:09:02","modified_gmt":"2017-03-16T23:09:02","slug":"perou-ii-feliz-retrouvailles","status":"publish","type":"post","link":"https:\/\/greg.lecairn.org\/?p=711","title":{"rendered":"P\u00e9rou (II) : &#8220;Feliz retrouvailles&#8221;"},"content":{"rendered":"<p>La deuxi\u00e8me partie de mon (premier) passage au P\u00e9rou peut \u00eatre r\u00e9sum\u00e9e par cette heureuse expression de Myriam : ce furent de fort joyeuses retrouvailles !<\/p>\n<p><a href=\"http:\/\/greg.lecairn.org\/wp-content\/uploads\/2017\/01\/Cusco-8.jpg\"><img loading=\"lazy\" decoding=\"async\" class=\"aligncenter size-large wp-image-733\" src=\"http:\/\/greg.lecairn.org\/wp-content\/uploads\/2017\/01\/Cusco-8-1024x768.jpg\" alt=\"\" width=\"474\" height=\"356\" srcset=\"https:\/\/greg.lecairn.org\/wp-content\/uploads\/2017\/01\/Cusco-8-1024x768.jpg 1024w, https:\/\/greg.lecairn.org\/wp-content\/uploads\/2017\/01\/Cusco-8-300x225.jpg 300w, https:\/\/greg.lecairn.org\/wp-content\/uploads\/2017\/01\/Cusco-8-768x576.jpg 768w\" sizes=\"auto, (max-width: 474px) 100vw, 474px\" \/><\/a> <a href=\"http:\/\/greg.lecairn.org\/wp-content\/uploads\/2017\/01\/Cusco-1.jpg\"><img loading=\"lazy\" decoding=\"async\" class=\"aligncenter size-large wp-image-726\" src=\"http:\/\/greg.lecairn.org\/wp-content\/uploads\/2017\/01\/Cusco-1-1024x768.jpg\" alt=\"\" width=\"474\" height=\"356\" srcset=\"https:\/\/greg.lecairn.org\/wp-content\/uploads\/2017\/01\/Cusco-1-1024x768.jpg 1024w, https:\/\/greg.lecairn.org\/wp-content\/uploads\/2017\/01\/Cusco-1-300x225.jpg 300w, https:\/\/greg.lecairn.org\/wp-content\/uploads\/2017\/01\/Cusco-1-768x576.jpg 768w\" sizes=\"auto, (max-width: 474px) 100vw, 474px\" \/><\/a> <a href=\"http:\/\/greg.lecairn.org\/wp-content\/uploads\/2017\/01\/Cusco-2.jpg\"><img loading=\"lazy\" decoding=\"async\" class=\"aligncenter size-large wp-image-727\" src=\"http:\/\/greg.lecairn.org\/wp-content\/uploads\/2017\/01\/Cusco-2-1024x768.jpg\" alt=\"\" width=\"474\" height=\"356\" srcset=\"https:\/\/greg.lecairn.org\/wp-content\/uploads\/2017\/01\/Cusco-2-1024x768.jpg 1024w, https:\/\/greg.lecairn.org\/wp-content\/uploads\/2017\/01\/Cusco-2-300x225.jpg 300w, https:\/\/greg.lecairn.org\/wp-content\/uploads\/2017\/01\/Cusco-2-768x576.jpg 768w\" sizes=\"auto, (max-width: 474px) 100vw, 474px\" \/><\/a><\/p>\n<p>On s&#8217;est tout d&#8217;abord retrouv\u00e9 avec Arthur et Camille dans un hostal qu&#8217;un ami de Quito m&#8217;avait recommand\u00e9. C&#8217;est l&#8217;hostal le moins cher de mon voyage pour l&#8217;instant. C&#8217;est tr\u00e8s tr\u00e8s roots. Je commence dans un &#8220;dortoir&#8221; : une chambre de trois lits o\u00f9 on dort \u00e0 4, il n&#8217;y a pas du tout de place pour mettre les affaires. Mes camarades de chambre sont des <em>viajeros<\/em>, ces gens qui voyagent et &#8220;ne sont pas des touristes&#8221; comme il y en a tant en Am\u00e9rique du Sud. Il y a deux Colombiens et une Chilienne et ils voyagent en faisant de la musique, du jonglage ou en vendant des babioles dans la rue. Ils sont tr\u00e8s sympa, mais prennent beaucoup d&#8217;espace et ne comprennent pas que je n&#8217;ai pas forc\u00e9ment envie de vivre comme eux, de faire comme eux, de fumer comme eux ou d&#8217;\u00e9couter la m\u00eame musique que eux. En deux nuits, ils me saoulent tellement, que je d\u00e9cide de me barrer en tente dans la cours\/jardin de l&#8217;hostal. L&#8217;hostal lui-m\u00eame est tr\u00e8s basique mais ceux qui s&#8217;en occupe (un mec, son cousin, un de ces potes et plus ou moins une voyageuse qui loge ici la moiti\u00e9 de l&#8217;ann\u00e9e) sont tr\u00e8s sympas et attentionn\u00e9s. Cela dit \u00e7a manque d&#8217;eau chaude et d&#8217;un peu de propret\u00e9 (je deviens tatillon&#8230;).<\/p>\n<p>Cusco est une ville dans une vall\u00e9e \u00e9vas\u00e9e et les bords de la ville remontent sur les pentes des colines. Ces (beaux) quartiers ne sont souvent accessible qu&#8217;\u00e0 pied. C&#8217;est ainsi que pour monter \u00e0 l&#8217;Aguaymanto, notre hostal, il fallait d&#8217;abord monter environ 300 marches (Camille les a compt\u00e9es, si si) a 3500m d&#8217;altitude. Autant dire, que quand on descend en ville se promener, on s&#8217;amuse pas \u00e0 faire des allers-retours. Il para\u00eet qu&#8217;\u00e0 Cusco, plus tu monte, plus les hostal sont bon march\u00e9s (sans mauvais jeux de mots). Et en r\u00e9compense de tes efforts d&#8217;avare, tu peux jouir d&#8217;une super vue sur l&#8217;ensemble de la ville. C&#8217;est une belle ville, avec un centre historique colonial bien pr\u00e9serv\u00e9, construit sur les ruines (partiellement apparentes) des b\u00e2timents et \u00e9difices Incas. Comme c&#8217;est la p\u00e9riode de no\u00ebl, de nombreux habitants des villages voisins descendent en ville pour vendre plein de trucs sur le march\u00e9 de no\u00ebl et la place principale. Ils dorment dans les rues le soir et il y a beaucoup d&#8217;activit\u00e9s : des distributions de cadeaux, des spectacles de rue, des soupes\/repas etc. L&#8217;ambiance est particuli\u00e8re avec des rues remplies de monde, pleins de p\u00e9tards et de feux d&#8217;artifices qui sautent \u00e0 toutes heures du jour et de la nuit (avec Camille, on est trop content et on en ach\u00e8te plein du coup), des gens qui vendent de tout et de n&#8217;importe quoi dans tous les sens, des Cholitas dans leurs plus beaux habits color\u00e9s avec des micro-llamas vivants dans les bras ou des plus gros llamas en laisse qui demandent \u00e0 se faire prendre en photo en \u00e9change de quelques soles.<\/p>\n<p><a href=\"http:\/\/greg.lecairn.org\/wp-content\/uploads\/2017\/01\/Cusco-A.jpg\"><img loading=\"lazy\" decoding=\"async\" class=\"aligncenter size-large wp-image-734\" src=\"http:\/\/greg.lecairn.org\/wp-content\/uploads\/2017\/01\/Cusco-A-1024x576.jpg\" alt=\"\" width=\"474\" height=\"267\" srcset=\"https:\/\/greg.lecairn.org\/wp-content\/uploads\/2017\/01\/Cusco-A-1024x576.jpg 1024w, https:\/\/greg.lecairn.org\/wp-content\/uploads\/2017\/01\/Cusco-A-300x169.jpg 300w, https:\/\/greg.lecairn.org\/wp-content\/uploads\/2017\/01\/Cusco-A-768x432.jpg 768w\" sizes=\"auto, (max-width: 474px) 100vw, 474px\" \/><\/a> <a href=\"http:\/\/greg.lecairn.org\/wp-content\/uploads\/2017\/01\/Cusco-7.jpg\"><img loading=\"lazy\" decoding=\"async\" class=\"aligncenter size-large wp-image-732\" src=\"http:\/\/greg.lecairn.org\/wp-content\/uploads\/2017\/01\/Cusco-7-1024x768.jpg\" alt=\"\" width=\"474\" height=\"356\" srcset=\"https:\/\/greg.lecairn.org\/wp-content\/uploads\/2017\/01\/Cusco-7-1024x768.jpg 1024w, https:\/\/greg.lecairn.org\/wp-content\/uploads\/2017\/01\/Cusco-7-300x225.jpg 300w, https:\/\/greg.lecairn.org\/wp-content\/uploads\/2017\/01\/Cusco-7-768x576.jpg 768w\" sizes=\"auto, (max-width: 474px) 100vw, 474px\" \/><\/a> <a href=\"http:\/\/greg.lecairn.org\/wp-content\/uploads\/2017\/01\/Cusco-6.jpg\"><img loading=\"lazy\" decoding=\"async\" class=\"aligncenter size-large wp-image-731\" src=\"http:\/\/greg.lecairn.org\/wp-content\/uploads\/2017\/01\/Cusco-6-1024x768.jpg\" alt=\"\" width=\"474\" height=\"356\" srcset=\"https:\/\/greg.lecairn.org\/wp-content\/uploads\/2017\/01\/Cusco-6-1024x768.jpg 1024w, https:\/\/greg.lecairn.org\/wp-content\/uploads\/2017\/01\/Cusco-6-300x225.jpg 300w, https:\/\/greg.lecairn.org\/wp-content\/uploads\/2017\/01\/Cusco-6-768x576.jpg 768w\" sizes=\"auto, (max-width: 474px) 100vw, 474px\" \/><\/a> <a href=\"http:\/\/greg.lecairn.org\/wp-content\/uploads\/2017\/01\/Cusco-5.jpg\"><img loading=\"lazy\" decoding=\"async\" class=\"aligncenter size-large wp-image-730\" src=\"http:\/\/greg.lecairn.org\/wp-content\/uploads\/2017\/01\/Cusco-5-1024x768.jpg\" alt=\"\" width=\"474\" height=\"356\" srcset=\"https:\/\/greg.lecairn.org\/wp-content\/uploads\/2017\/01\/Cusco-5-1024x768.jpg 1024w, https:\/\/greg.lecairn.org\/wp-content\/uploads\/2017\/01\/Cusco-5-300x225.jpg 300w, https:\/\/greg.lecairn.org\/wp-content\/uploads\/2017\/01\/Cusco-5-768x576.jpg 768w\" sizes=\"auto, (max-width: 474px) 100vw, 474px\" \/><\/a> <a href=\"http:\/\/greg.lecairn.org\/wp-content\/uploads\/2017\/01\/Cusco-4.jpg\"><img loading=\"lazy\" decoding=\"async\" class=\"aligncenter size-large wp-image-729\" src=\"http:\/\/greg.lecairn.org\/wp-content\/uploads\/2017\/01\/Cusco-4-1024x768.jpg\" alt=\"\" width=\"474\" height=\"356\" srcset=\"https:\/\/greg.lecairn.org\/wp-content\/uploads\/2017\/01\/Cusco-4-1024x768.jpg 1024w, https:\/\/greg.lecairn.org\/wp-content\/uploads\/2017\/01\/Cusco-4-300x225.jpg 300w, https:\/\/greg.lecairn.org\/wp-content\/uploads\/2017\/01\/Cusco-4-768x576.jpg 768w\" sizes=\"auto, (max-width: 474px) 100vw, 474px\" \/><\/a> <a href=\"http:\/\/greg.lecairn.org\/wp-content\/uploads\/2017\/01\/Cusco-3.jpg\"><img loading=\"lazy\" decoding=\"async\" class=\"aligncenter size-large wp-image-728\" src=\"http:\/\/greg.lecairn.org\/wp-content\/uploads\/2017\/01\/Cusco-3-1024x768.jpg\" alt=\"\" width=\"474\" height=\"356\" srcset=\"https:\/\/greg.lecairn.org\/wp-content\/uploads\/2017\/01\/Cusco-3-1024x768.jpg 1024w, https:\/\/greg.lecairn.org\/wp-content\/uploads\/2017\/01\/Cusco-3-300x225.jpg 300w, https:\/\/greg.lecairn.org\/wp-content\/uploads\/2017\/01\/Cusco-3-768x576.jpg 768w\" sizes=\"auto, (max-width: 474px) 100vw, 474px\" \/><\/a><\/p>\n<p>Souvent, il fait pas si beau \u00e0 cusco \u00e0 cette \u00e9poque. Le ciel ensoleill\u00e9 vire r\u00e9guli\u00e8rement au gris et \u00e0 la pluie dans la m\u00eame journ\u00e9e. Quand il pleut on essaye de se trouver un endroit sympa o\u00f9 se poser (et avoir Internet). On retrouve Myriam et Dom le samedi matin, le 24, et on se balade ensemble la journ\u00e9e. Le march\u00e9 de Cusco, comme souvent les march\u00e9s au P\u00e9rou (et dans le reste de l&#8217;Am\u00e9rique Latine ?) est super avec plein de chocolats (yeah) et de caf\u00e9s, de jus de fruits, de &#8220;restaurants&#8221; (c&#8217;est plus des foodstalls \u00e0 l&#8217;asiatique), de viandes, de l\u00e9gumes et fruits, de pains, d&#8217;herbes diverses, vari\u00e9es, \u00e9tranges, m\u00e9dicinales ou magiques, de fleurs, d&#8217;artisanats etc. C&#8217;est un peu bordel tr\u00e8s organis\u00e9s en quartiers rassemblant ceux qui vendent le m\u00eame type de choses. J&#8217;adore les march\u00e9s ici. On y mange les midis, parce que c&#8217;est pas cher, on y boit le jus de fruit du dessert, on y ach\u00e8te le chocolat et la coca qui, m\u00e9lang\u00e9e \u00e0 la llicta (cendre d&#8217;arbres fruitiers), permet de combattre le mal d&#8217;altitude. Ca an\u00e9sth\u00e9sie la bouche aussi. Ca occupe. Il para\u00eet que \u00e7a coupe la faim et la flemme. Ce qui est s\u00fbr c&#8217;est que quand j&#8217;en m\u00e2che trop souvent, \u00e7a a tendance \u00e0 irriter la bouche. Mais C&#8217;est bien efficace en altitude.<\/p>\n<p>On f\u00eate no\u00ebl tous ensemble autour de bonnes bi\u00e8res. Au P\u00e9rou, ils se sont mis \u00e0 faire des bi\u00e8res artisanales (j&#8217;ai cru comprendre que \u00e7a fait pas si longtemps) qui sont, pour certaines, vraiment pas mal. Et comme on aime \u00e7a, on s&#8217;applique \u00e0 go\u00fbter s\u00e9rieusement cette production locale. On s&#8217;offre des cadeaux, on f\u00eate le ptit J\u00e9sus, on rigole. Dom se fait voler son sac aussi \u00e0 un moment. Joyeux No\u00ebl. Mais \u00e7a ne suffit pas \u00e0 pourrir cette belle ambiance de retrouvailles g\u00e9n\u00e9rales. C&#8217;est quand m\u00eame sympa de se revoir toutes et tous ici, de ce c\u00f4t\u00e9-ci du monde, au P\u00e9rou o\u00f9 aucun de nous n&#8217;\u00e9tait jamais all\u00e9. Le soir, Arthur, Camille et moi, on remonte \u00e0 l&#8217;hostal o\u00f9 tout le monde fait la f\u00eate autour d&#8217;un gros repas et de pas mal de bouteilles. A partir de 23h30\/minuit, on a l&#8217;impression que tous les habitants et habitantes de tous les quartiers de Cusco se mettent \u00e0 faire p\u00e9ter des p\u00e9tards de feux d&#8217;artifice. Il faut imaginer voir une ville de bonne taille face \u00e0 soi et ne pas savoir o\u00f9 poser les yeux. De partout partent des fus\u00e9es, petites, grandes, moyennes, blanches, jaunes, vertes, rouges, bleues, des qui foirent, des qui montent haut, des tr\u00e8s bruyantes, des avec des formes de spermatozo\u00efdes qui grimpent vers les nuages, des explosions fugaces. Et cela de partout en m\u00eame temps et en d\u00e9cal\u00e9 dans toute la ville. Et \u00e7a dure. Ca dure longtemps. C&#8217;est le plus beau feu d&#8217;artifice que j&#8217;ai jamais vu. C&#8217;est pas un truc organis\u00e9, centralis\u00e9, orchestr\u00e9, mont\u00e9 et pens\u00e9. C&#8217;est presque une comp\u00e9tition entre quartiers, \u00e0 qui aura le dernier mot, la derni\u00e8re fus\u00e9e. Pendant une heure, c&#8217;est tr\u00e8s intense et l&#8217;air se charge d&#8217;une forte odeur de poudre, des nuages de fum\u00e9es se forment en altitude. Mais \u00e7a continue jusqu&#8217;\u00e0 bien apr\u00e8s que l&#8217;on se soient couch\u00e9.<\/p>\n<p>&nbsp;<\/p>\n<p>Apr\u00e8s no\u00ebl, on d\u00e9cide de sortir de la ville, de trouver un endroit o\u00f9 se poser tranquillement, une petite ville ou un village. On d\u00e9cide donc d&#8217;aller \u00e0 Pisac, un lieu que Mazzi m&#8217;avait recommand\u00e9. C&#8217;est un peu le Vilcabamba de Cusco, avec plein d&#8217;\u00e9trangers qui habitent l\u00e0, qui font de la permaculture ou des bars, on peut y trouver au moins deux &#8220;Shaman Shops&#8221; o\u00f9 sont vendus de nombreux <em>rap\u00e9s<\/em> ainsi que du San Pedro et autres ustensiles pouvant te reconnecter \u00e0 la Pachamama, aligner tes chakras etc. C&#8217;est en plein de la vall\u00e9e sacr\u00e9e des Incas, une valles qui est bien longue, jalonn\u00e9e par de nombreuses ruines et autres vestiges pr\u00e9-colombiens, et descend jusqu&#8217;au Machu Pichu. On s&#8217;y trouve un hostal o\u00f9 on a des chambres sur la terasse avec une cuisine, un salon, une salle de bain. On est chez nous, nous dit, avec insistance, la logeuse. C&#8217;est l\u00e0 une petite bourgade tout ce qu&#8217;il y a de charmante, au pied d&#8217;un large complexe arch\u00e9ologique. On dirait que les Incas sont comme tous les empires : les soldats, les pr\u00eatres et les castes hautes en haut de la montagne, et le paysans et les classes laborieuses, en bas au travail. Alors forc\u00e9ment, nous, enfin Arthur, Camille et moi, on veut aller visiter ces tas de cailloux. Mais \u00e7a co\u00fbte super cher. C&#8217;est pas possible de payer juste pour un site, nous dit-on, il faut absolument prendre un billet, vachement plus cher, pour aller voir 150 sites en trois jours. Bien s\u00fbr c&#8217;est plus cher, mais vous pouvez voir 150 sites, en trois jours. Merveilleux. On essaye d&#8217;y aller en fraudant (pour faire honneur \u00e0 la r\u00e9putation des Fran\u00e7ais quand m\u00eame), mais on se fait quand m\u00eame refouler. Finalement on d\u00e9cide d&#8217;aller voir d&#8217;autres endroits, habit\u00e9s par des gens qui vivent encore (maigre consolation, certes). On part donc tous les cinq et on monte, on monte, on monte. Le chauffeur du taxi (o\u00e9 on y va en taxi, y a pas de bus, ils font gr\u00e8ve) n&#8217;aime que trois chansons qui passent donc en boucle (\u00e0 l&#8217;aller comme au retour). La montagne est tr\u00e8s belle, verte avec des beaux rochers. Bien s\u00fbr, il ne fait pas tr\u00e8s beau mais on a tous (sauf Myriam) emmen\u00e9 de quoi se couvrir. Arriv\u00e9 en haut, il y a une communaut\u00e9 autochtone et plusieurs lac. On se lance dans une petite balade qui se transforme en petite rando pluvieuse. Les paysages sont superbes. Mais c&#8217;est humide et frais. Un m\u00e9lange de ce que j&#8217;imagine \u00eatre l&#8217;Irlande, avec des montagnes \u00e0 4500m d&#8217;altitude. Pas mal du tout.<\/p>\n<p><a href=\"http:\/\/greg.lecairn.org\/wp-content\/uploads\/2017\/01\/Pisac-11.jpg\"><img loading=\"lazy\" decoding=\"async\" class=\"aligncenter size-large wp-image-745\" src=\"http:\/\/greg.lecairn.org\/wp-content\/uploads\/2017\/01\/Pisac-11-768x1024.jpg\" alt=\"\" width=\"474\" height=\"632\" srcset=\"https:\/\/greg.lecairn.org\/wp-content\/uploads\/2017\/01\/Pisac-11-768x1024.jpg 768w, https:\/\/greg.lecairn.org\/wp-content\/uploads\/2017\/01\/Pisac-11-225x300.jpg 225w\" sizes=\"auto, (max-width: 474px) 100vw, 474px\" \/><\/a> <a href=\"http:\/\/greg.lecairn.org\/wp-content\/uploads\/2017\/01\/Pisac-10.jpg\"><img loading=\"lazy\" decoding=\"async\" class=\"aligncenter size-large wp-image-744\" src=\"http:\/\/greg.lecairn.org\/wp-content\/uploads\/2017\/01\/Pisac-10-1024x768.jpg\" alt=\"\" width=\"474\" height=\"356\" srcset=\"https:\/\/greg.lecairn.org\/wp-content\/uploads\/2017\/01\/Pisac-10-1024x768.jpg 1024w, https:\/\/greg.lecairn.org\/wp-content\/uploads\/2017\/01\/Pisac-10-300x225.jpg 300w, https:\/\/greg.lecairn.org\/wp-content\/uploads\/2017\/01\/Pisac-10-768x576.jpg 768w\" sizes=\"auto, (max-width: 474px) 100vw, 474px\" \/><\/a> <a href=\"http:\/\/greg.lecairn.org\/wp-content\/uploads\/2017\/01\/Pisac-9.jpg\"><img loading=\"lazy\" decoding=\"async\" class=\"aligncenter size-large wp-image-743\" src=\"http:\/\/greg.lecairn.org\/wp-content\/uploads\/2017\/01\/Pisac-9-1024x768.jpg\" alt=\"\" width=\"474\" height=\"356\" srcset=\"https:\/\/greg.lecairn.org\/wp-content\/uploads\/2017\/01\/Pisac-9-1024x768.jpg 1024w, https:\/\/greg.lecairn.org\/wp-content\/uploads\/2017\/01\/Pisac-9-300x225.jpg 300w, https:\/\/greg.lecairn.org\/wp-content\/uploads\/2017\/01\/Pisac-9-768x576.jpg 768w\" sizes=\"auto, (max-width: 474px) 100vw, 474px\" \/><\/a> <a href=\"http:\/\/greg.lecairn.org\/wp-content\/uploads\/2017\/01\/Pisac-8.jpg\"><img loading=\"lazy\" decoding=\"async\" class=\"aligncenter size-large wp-image-742\" src=\"http:\/\/greg.lecairn.org\/wp-content\/uploads\/2017\/01\/Pisac-8-1024x768.jpg\" alt=\"\" width=\"474\" height=\"356\" srcset=\"https:\/\/greg.lecairn.org\/wp-content\/uploads\/2017\/01\/Pisac-8-1024x768.jpg 1024w, https:\/\/greg.lecairn.org\/wp-content\/uploads\/2017\/01\/Pisac-8-300x225.jpg 300w, https:\/\/greg.lecairn.org\/wp-content\/uploads\/2017\/01\/Pisac-8-768x576.jpg 768w\" sizes=\"auto, (max-width: 474px) 100vw, 474px\" \/><\/a> <a href=\"http:\/\/greg.lecairn.org\/wp-content\/uploads\/2017\/01\/Pisac-7.jpg\"><img loading=\"lazy\" decoding=\"async\" class=\"aligncenter size-large wp-image-741\" src=\"http:\/\/greg.lecairn.org\/wp-content\/uploads\/2017\/01\/Pisac-7-1024x768.jpg\" alt=\"\" width=\"474\" height=\"356\" srcset=\"https:\/\/greg.lecairn.org\/wp-content\/uploads\/2017\/01\/Pisac-7-1024x768.jpg 1024w, https:\/\/greg.lecairn.org\/wp-content\/uploads\/2017\/01\/Pisac-7-300x225.jpg 300w, https:\/\/greg.lecairn.org\/wp-content\/uploads\/2017\/01\/Pisac-7-768x576.jpg 768w\" sizes=\"auto, (max-width: 474px) 100vw, 474px\" \/><\/a> <a href=\"http:\/\/greg.lecairn.org\/wp-content\/uploads\/2017\/01\/Pisac-6.jpg\"><img loading=\"lazy\" decoding=\"async\" class=\"aligncenter size-large wp-image-740\" src=\"http:\/\/greg.lecairn.org\/wp-content\/uploads\/2017\/01\/Pisac-6-1024x768.jpg\" alt=\"\" width=\"474\" height=\"356\" srcset=\"https:\/\/greg.lecairn.org\/wp-content\/uploads\/2017\/01\/Pisac-6-1024x768.jpg 1024w, https:\/\/greg.lecairn.org\/wp-content\/uploads\/2017\/01\/Pisac-6-300x225.jpg 300w, https:\/\/greg.lecairn.org\/wp-content\/uploads\/2017\/01\/Pisac-6-768x576.jpg 768w\" sizes=\"auto, (max-width: 474px) 100vw, 474px\" \/><\/a><\/p>\n<p>Ainsi va la vie \u00e0 Pisac, tout doux. Des balades, des session d&#8217;acroyoga, des jus de fruits, des bi\u00e8res, des jeux. Au nouvel an, avec Camille on a pr\u00e9vu le coup, On ach\u00e8te un petit stock de p\u00e9tards et de feux d&#8217;artifice pour faire honneur. On commence l&#8217;ap\u00e9ro, on continue l&#8217;ap\u00e9ro puis arrive bient\u00f4t l&#8217;heure fatidique (factice, occidentale, coloniale, impos\u00e9e, f\u00eat\u00e9e, r\u00e9jouissante etc) pour faire sauter tout notre arsenal. Mais en assez peu de temps on a fini autant nos provisions d&#8217;explosifs que d&#8217;alcool. On part donc avec Dom en exp\u00e9dition de r\u00e9approvisionnement. Le centre ville est rempli de vendeuses de p\u00e9tards et de feux d&#8217;artifice (ouf ! tout n&#8217;est pas perdu !), de confettis et de fleurs avec pleins d&#8217;enfants, de jeunes et de moins jeunes qui courrent, s&#8217;excitent et s&#8217;extasient, dans le feu de la f\u00eate, les veines charg\u00e9es d&#8217;\u00e9nergie, d&#8217;adr\u00e9naline, de joie et, peut-\u00eatre, d&#8217;autres substances. On fait un plein de poudres et d&#8217;alcool et on reviens bien vite \u00e0 l&#8217;hostal devant lequel on cherche \u00e0 attirer l&#8217;attention d&#8217;Arthur, de Camille et de Myriam pour leur faire une d\u00e9monstration de notre nouvel arsenal. Comme ils ne daignent pas nous montrer leur doux visage, on d\u00e9cide quand m\u00eame de faire sauter notre plus grosse munition. Un succ\u00e8s ! Une merveille qui fait trembler l&#8217;ensemble des vitres du quartier et fait partir l&#8217;alarme d&#8217;une voiture gar\u00e9e \u00e0 proximit\u00e9. Plus tard on ressort, on retourne acheter quelques p\u00e9tards. On croise des policiers que j&#8217;arrive, entre les brumes piscolis\u00e9es de mon cerveau, \u00e0 convaincre de participer \u00e0 notre petite f\u00eate pyromane. Finalement ils se laissent prendre au jeu et ils ont l&#8217;air de bien aim\u00e9. On arrive \u00e0 un bar, tenu par un Italien, o\u00f9 de la cumbia jouera en live toute la nuit. Et s&#8217;ensuit un moment de danse effr\u00e9n\u00e9e jusqu&#8217;au petit matin. Au retour \u00e0 l&#8217;h\u00f4tel, Arthur se rend compte qu&#8217;il a perdu la clef de la chambre. On fait le tour de l&#8217;\u00e9tage puis ils repartent avec Camille sur nos pas. Apr\u00e8s un long moment ils reviennent avec la clef qui se trouvait en fait dans la poche d&#8217;Arthur&#8230;<\/p>\n<p><a href=\"http:\/\/greg.lecairn.org\/wp-content\/uploads\/2017\/01\/Pisac-12.jpg\"><img loading=\"lazy\" decoding=\"async\" class=\"aligncenter size-large wp-image-746\" src=\"http:\/\/greg.lecairn.org\/wp-content\/uploads\/2017\/01\/Pisac-12-1024x768.jpg\" alt=\"\" width=\"474\" height=\"356\" srcset=\"https:\/\/greg.lecairn.org\/wp-content\/uploads\/2017\/01\/Pisac-12-1024x768.jpg 1024w, https:\/\/greg.lecairn.org\/wp-content\/uploads\/2017\/01\/Pisac-12-300x225.jpg 300w, https:\/\/greg.lecairn.org\/wp-content\/uploads\/2017\/01\/Pisac-12-768x576.jpg 768w\" sizes=\"auto, (max-width: 474px) 100vw, 474px\" \/><\/a> <a href=\"http:\/\/greg.lecairn.org\/wp-content\/uploads\/2017\/01\/Pisac-5.jpg\"><img loading=\"lazy\" decoding=\"async\" class=\"aligncenter size-large wp-image-739\" src=\"http:\/\/greg.lecairn.org\/wp-content\/uploads\/2017\/01\/Pisac-5-1024x768.jpg\" alt=\"\" width=\"474\" height=\"356\" srcset=\"https:\/\/greg.lecairn.org\/wp-content\/uploads\/2017\/01\/Pisac-5-1024x768.jpg 1024w, https:\/\/greg.lecairn.org\/wp-content\/uploads\/2017\/01\/Pisac-5-300x225.jpg 300w, https:\/\/greg.lecairn.org\/wp-content\/uploads\/2017\/01\/Pisac-5-768x576.jpg 768w\" sizes=\"auto, (max-width: 474px) 100vw, 474px\" \/><\/a> <a href=\"http:\/\/greg.lecairn.org\/wp-content\/uploads\/2017\/01\/Pisac-4.jpg\"><img loading=\"lazy\" decoding=\"async\" class=\"aligncenter size-large wp-image-738\" src=\"http:\/\/greg.lecairn.org\/wp-content\/uploads\/2017\/01\/Pisac-4-1024x768.jpg\" alt=\"\" width=\"474\" height=\"356\" srcset=\"https:\/\/greg.lecairn.org\/wp-content\/uploads\/2017\/01\/Pisac-4-1024x768.jpg 1024w, https:\/\/greg.lecairn.org\/wp-content\/uploads\/2017\/01\/Pisac-4-300x225.jpg 300w, https:\/\/greg.lecairn.org\/wp-content\/uploads\/2017\/01\/Pisac-4-768x576.jpg 768w\" sizes=\"auto, (max-width: 474px) 100vw, 474px\" \/><\/a> <a href=\"http:\/\/greg.lecairn.org\/wp-content\/uploads\/2017\/01\/Pisac-3.jpg\"><img loading=\"lazy\" decoding=\"async\" class=\"aligncenter size-large wp-image-737\" src=\"http:\/\/greg.lecairn.org\/wp-content\/uploads\/2017\/01\/Pisac-3-1024x768.jpg\" alt=\"\" width=\"474\" height=\"356\" srcset=\"https:\/\/greg.lecairn.org\/wp-content\/uploads\/2017\/01\/Pisac-3-1024x768.jpg 1024w, https:\/\/greg.lecairn.org\/wp-content\/uploads\/2017\/01\/Pisac-3-300x225.jpg 300w, https:\/\/greg.lecairn.org\/wp-content\/uploads\/2017\/01\/Pisac-3-768x576.jpg 768w\" sizes=\"auto, (max-width: 474px) 100vw, 474px\" \/><\/a> <a href=\"http:\/\/greg.lecairn.org\/wp-content\/uploads\/2017\/01\/Pisac-2.jpg\"><img loading=\"lazy\" decoding=\"async\" class=\"aligncenter size-large wp-image-736\" src=\"http:\/\/greg.lecairn.org\/wp-content\/uploads\/2017\/01\/Pisac-2-1024x768.jpg\" alt=\"\" width=\"474\" height=\"356\" srcset=\"https:\/\/greg.lecairn.org\/wp-content\/uploads\/2017\/01\/Pisac-2-1024x768.jpg 1024w, https:\/\/greg.lecairn.org\/wp-content\/uploads\/2017\/01\/Pisac-2-300x225.jpg 300w, https:\/\/greg.lecairn.org\/wp-content\/uploads\/2017\/01\/Pisac-2-768x576.jpg 768w\" sizes=\"auto, (max-width: 474px) 100vw, 474px\" \/><\/a> <a href=\"http:\/\/greg.lecairn.org\/wp-content\/uploads\/2017\/01\/Pisac-1.jpg\"><img loading=\"lazy\" decoding=\"async\" class=\"aligncenter size-large wp-image-735\" src=\"http:\/\/greg.lecairn.org\/wp-content\/uploads\/2017\/01\/Pisac-1-1024x768.jpg\" alt=\"\" width=\"474\" height=\"356\" srcset=\"https:\/\/greg.lecairn.org\/wp-content\/uploads\/2017\/01\/Pisac-1-1024x768.jpg 1024w, https:\/\/greg.lecairn.org\/wp-content\/uploads\/2017\/01\/Pisac-1-300x225.jpg 300w, https:\/\/greg.lecairn.org\/wp-content\/uploads\/2017\/01\/Pisac-1-768x576.jpg 768w\" sizes=\"auto, (max-width: 474px) 100vw, 474px\" \/><\/a> <a href=\"http:\/\/greg.lecairn.org\/wp-content\/uploads\/2017\/01\/Pisac-13.jpg\"><img loading=\"lazy\" decoding=\"async\" class=\"aligncenter size-large wp-image-747\" src=\"http:\/\/greg.lecairn.org\/wp-content\/uploads\/2017\/01\/Pisac-13-1024x768.jpg\" alt=\"\" width=\"474\" height=\"356\" srcset=\"https:\/\/greg.lecairn.org\/wp-content\/uploads\/2017\/01\/Pisac-13-1024x768.jpg 1024w, https:\/\/greg.lecairn.org\/wp-content\/uploads\/2017\/01\/Pisac-13-300x225.jpg 300w, https:\/\/greg.lecairn.org\/wp-content\/uploads\/2017\/01\/Pisac-13-768x576.jpg 768w\" sizes=\"auto, (max-width: 474px) 100vw, 474px\" \/><\/a> <a href=\"http:\/\/greg.lecairn.org\/wp-content\/uploads\/2017\/01\/Pisac-14.jpg\"><img loading=\"lazy\" decoding=\"async\" class=\"aligncenter size-large wp-image-748\" src=\"http:\/\/greg.lecairn.org\/wp-content\/uploads\/2017\/01\/Pisac-14-768x1024.jpg\" alt=\"\" width=\"474\" height=\"632\" srcset=\"https:\/\/greg.lecairn.org\/wp-content\/uploads\/2017\/01\/Pisac-14-768x1024.jpg 768w, https:\/\/greg.lecairn.org\/wp-content\/uploads\/2017\/01\/Pisac-14-225x300.jpg 225w\" sizes=\"auto, (max-width: 474px) 100vw, 474px\" \/><\/a> <a href=\"http:\/\/greg.lecairn.org\/wp-content\/uploads\/2017\/01\/Pisac-15.jpg\"><img loading=\"lazy\" decoding=\"async\" class=\"aligncenter size-large wp-image-749\" src=\"http:\/\/greg.lecairn.org\/wp-content\/uploads\/2017\/01\/Pisac-15-1024x768.jpg\" alt=\"\" width=\"474\" height=\"356\" srcset=\"https:\/\/greg.lecairn.org\/wp-content\/uploads\/2017\/01\/Pisac-15-1024x768.jpg 1024w, https:\/\/greg.lecairn.org\/wp-content\/uploads\/2017\/01\/Pisac-15-300x225.jpg 300w, https:\/\/greg.lecairn.org\/wp-content\/uploads\/2017\/01\/Pisac-15-768x576.jpg 768w\" sizes=\"auto, (max-width: 474px) 100vw, 474px\" \/><\/a><\/p>\n<p>Et puis viennent les adieux. Enfin les au revoir. On s&#8217;embrasse, avec effusion, bien s\u00fbr. On se fait de nombreuses promesses de jours futurs meilleurs et bien-heureux (apr\u00e8s tout, 2017 c&#8217;est bien l&#8217;ann\u00e9e de la f\u00eate non ?), de se revoir en Equateur, en France, au Canada, ailleurs, qui sait ? Et puis on part pour Cusco avec Arthur et Camille. Les mouchoirs d\u00e9goulinant de larmes (ou est-ce autre chose ?) de Dom et Myriam s&#8217;agitent dans le vent tourbillonant derri\u00e8re le mini-bus. A Cusco, on va \u00e0 la gare des bus chercher un trajet pour Arequipa. Tout est plein, tout est cher. Rien ne part ce soir. Revenez demain. Finalement on trouve l&#8217;entreprise qui a le dernier bus avec de la place. Et on comprend pourquoi&#8230; Bienvenu sur la Universal ! L&#8217;entreprise qui peut rivaliser avec les trajets n\u00e9palais et indiens ! Ici, les genous ne rentre pas sur les si\u00e8ges. Ici, les informations concernant votre trajet seront retenu pour ne pas vous effrayer ! Finalement c&#8217;est juste long et inconfortable avec des arr\u00eats et un changement de bus au petit matin. Ca cr\u00e9e des liens. Ma voisine \u00e9tudie l&#8217;administration et retourne en cours \u00e0 Arequipa. La m\u00e8re de devant nous offre des goodies \u00e0 base de ma\u00efs.<\/p>\n<p>Plus on descend vers Arequipa, plus c&#8217;est sec. Et tout ce sable et toute cette s\u00e9cheresse, ce sera comme \u00e7a jusqu&#8217;\u00e0 Santiago, plusieurs milliers de kilom\u00e8tres au Sud. Arequipa, c&#8217;est une oasis entre des montagnes et des volcans, secs, bien entendus. C&#8217;est une ville coloniale et industrielle gigantesque. Le centre ville est tr\u00e8s beau. Des places italiennes, des arcades espagnols, de la nourriture et de la musique p\u00e9ruvienne et des bi\u00e8res locales d&#8217;inspirations am\u00e9ricaines et belges. La belle vie. L&#8217;hostal lui-m\u00eame a un charme r\u00e9tro magnifique, avec des balcons et des cours internes, des grandes pi\u00e8ces hautes de plafonds et sa collection de machines \u00e0 \u00e9crire. On passe nos journ\u00e9es \u00e0 d\u00e9ambulait dans la ville, j&#8217;arrive \u00e0 travailler un peu de temps en temps, on go\u00fbte les bi\u00e8res, on s&#8217;installe au march\u00e9 (encore mieux que celui de Cusco), on joue \u00e0 des jeux, on profite. Arequipa c&#8217;est une ville que j&#8217;ai bien aim\u00e9. Ses monast\u00e8re et son couvent gigantesque, son march\u00e9 qui f\u00eate son anniversaire en \u00e9norme farandole carnavalesque o\u00f9 les diff\u00e9rents secteurs (commerciaux) du march\u00e9s lances des produits. Qui des bonbons, qui des fleurs, d&#8217;autres des patates, des os en plastique pour chiens, des fruits&#8230;<\/p>\n<p><a href=\"http:\/\/greg.lecairn.org\/wp-content\/uploads\/2017\/01\/Arequipa-19.jpg\"><img loading=\"lazy\" decoding=\"async\" class=\"aligncenter size-large wp-image-755\" src=\"http:\/\/greg.lecairn.org\/wp-content\/uploads\/2017\/01\/Arequipa-19-1024x768.jpg\" alt=\"\" width=\"474\" height=\"356\" srcset=\"https:\/\/greg.lecairn.org\/wp-content\/uploads\/2017\/01\/Arequipa-19-1024x768.jpg 1024w, https:\/\/greg.lecairn.org\/wp-content\/uploads\/2017\/01\/Arequipa-19-300x225.jpg 300w, https:\/\/greg.lecairn.org\/wp-content\/uploads\/2017\/01\/Arequipa-19-768x576.jpg 768w\" sizes=\"auto, (max-width: 474px) 100vw, 474px\" \/><\/a> <a href=\"http:\/\/greg.lecairn.org\/wp-content\/uploads\/2017\/01\/Arequipa-18.jpg\"><img loading=\"lazy\" decoding=\"async\" class=\"aligncenter size-large wp-image-754\" src=\"http:\/\/greg.lecairn.org\/wp-content\/uploads\/2017\/01\/Arequipa-18-1024x768.jpg\" alt=\"\" width=\"474\" height=\"356\" srcset=\"https:\/\/greg.lecairn.org\/wp-content\/uploads\/2017\/01\/Arequipa-18-1024x768.jpg 1024w, https:\/\/greg.lecairn.org\/wp-content\/uploads\/2017\/01\/Arequipa-18-300x225.jpg 300w, https:\/\/greg.lecairn.org\/wp-content\/uploads\/2017\/01\/Arequipa-18-768x576.jpg 768w\" sizes=\"auto, (max-width: 474px) 100vw, 474px\" \/><\/a> <a href=\"http:\/\/greg.lecairn.org\/wp-content\/uploads\/2017\/01\/Arequipa-17.jpg\"><img loading=\"lazy\" decoding=\"async\" class=\"aligncenter size-large wp-image-753\" src=\"http:\/\/greg.lecairn.org\/wp-content\/uploads\/2017\/01\/Arequipa-17-1024x768.jpg\" alt=\"\" width=\"474\" height=\"356\" srcset=\"https:\/\/greg.lecairn.org\/wp-content\/uploads\/2017\/01\/Arequipa-17-1024x768.jpg 1024w, https:\/\/greg.lecairn.org\/wp-content\/uploads\/2017\/01\/Arequipa-17-300x225.jpg 300w, https:\/\/greg.lecairn.org\/wp-content\/uploads\/2017\/01\/Arequipa-17-768x576.jpg 768w\" sizes=\"auto, (max-width: 474px) 100vw, 474px\" \/><\/a> <a href=\"http:\/\/greg.lecairn.org\/wp-content\/uploads\/2017\/01\/Arequipa-16.jpg\"><img loading=\"lazy\" decoding=\"async\" class=\"aligncenter size-large wp-image-752\" src=\"http:\/\/greg.lecairn.org\/wp-content\/uploads\/2017\/01\/Arequipa-16-768x1024.jpg\" alt=\"\" width=\"474\" height=\"632\" srcset=\"https:\/\/greg.lecairn.org\/wp-content\/uploads\/2017\/01\/Arequipa-16-768x1024.jpg 768w, https:\/\/greg.lecairn.org\/wp-content\/uploads\/2017\/01\/Arequipa-16-225x300.jpg 225w\" sizes=\"auto, (max-width: 474px) 100vw, 474px\" \/><\/a> <a href=\"http:\/\/greg.lecairn.org\/wp-content\/uploads\/2017\/01\/Arequipa-14.jpg\"><img loading=\"lazy\" decoding=\"async\" class=\"aligncenter size-large wp-image-725\" src=\"http:\/\/greg.lecairn.org\/wp-content\/uploads\/2017\/01\/Arequipa-14-768x1024.jpg\" alt=\"\" width=\"474\" height=\"632\" srcset=\"https:\/\/greg.lecairn.org\/wp-content\/uploads\/2017\/01\/Arequipa-14-768x1024.jpg 768w, https:\/\/greg.lecairn.org\/wp-content\/uploads\/2017\/01\/Arequipa-14-225x300.jpg 225w\" sizes=\"auto, (max-width: 474px) 100vw, 474px\" \/><\/a> <a href=\"http:\/\/greg.lecairn.org\/wp-content\/uploads\/2017\/01\/Arequipa-12.jpg\"><img loading=\"lazy\" decoding=\"async\" class=\"aligncenter size-large wp-image-723\" src=\"http:\/\/greg.lecairn.org\/wp-content\/uploads\/2017\/01\/Arequipa-12-1024x768.jpg\" alt=\"\" width=\"474\" height=\"356\" srcset=\"https:\/\/greg.lecairn.org\/wp-content\/uploads\/2017\/01\/Arequipa-12-1024x768.jpg 1024w, https:\/\/greg.lecairn.org\/wp-content\/uploads\/2017\/01\/Arequipa-12-300x225.jpg 300w, https:\/\/greg.lecairn.org\/wp-content\/uploads\/2017\/01\/Arequipa-12-768x576.jpg 768w\" sizes=\"auto, (max-width: 474px) 100vw, 474px\" \/><\/a> <a href=\"http:\/\/greg.lecairn.org\/wp-content\/uploads\/2017\/01\/Arequipa-11.jpg\"><img loading=\"lazy\" decoding=\"async\" class=\"aligncenter size-large wp-image-722\" src=\"http:\/\/greg.lecairn.org\/wp-content\/uploads\/2017\/01\/Arequipa-11-768x1024.jpg\" alt=\"\" width=\"474\" height=\"632\" srcset=\"https:\/\/greg.lecairn.org\/wp-content\/uploads\/2017\/01\/Arequipa-11-768x1024.jpg 768w, https:\/\/greg.lecairn.org\/wp-content\/uploads\/2017\/01\/Arequipa-11-225x300.jpg 225w\" sizes=\"auto, (max-width: 474px) 100vw, 474px\" \/><\/a> <a href=\"http:\/\/greg.lecairn.org\/wp-content\/uploads\/2017\/01\/Arequipa-10.jpg\"><img loading=\"lazy\" decoding=\"async\" class=\"aligncenter size-large wp-image-721\" src=\"http:\/\/greg.lecairn.org\/wp-content\/uploads\/2017\/01\/Arequipa-10-1024x768.jpg\" alt=\"\" width=\"474\" height=\"356\" srcset=\"https:\/\/greg.lecairn.org\/wp-content\/uploads\/2017\/01\/Arequipa-10-1024x768.jpg 1024w, https:\/\/greg.lecairn.org\/wp-content\/uploads\/2017\/01\/Arequipa-10-300x225.jpg 300w, https:\/\/greg.lecairn.org\/wp-content\/uploads\/2017\/01\/Arequipa-10-768x576.jpg 768w\" sizes=\"auto, (max-width: 474px) 100vw, 474px\" \/><\/a> <a href=\"http:\/\/greg.lecairn.org\/wp-content\/uploads\/2017\/01\/Arequipa-9.jpg\"><img loading=\"lazy\" decoding=\"async\" class=\"aligncenter size-large wp-image-720\" src=\"http:\/\/greg.lecairn.org\/wp-content\/uploads\/2017\/01\/Arequipa-9-1024x768.jpg\" alt=\"\" width=\"474\" height=\"356\" srcset=\"https:\/\/greg.lecairn.org\/wp-content\/uploads\/2017\/01\/Arequipa-9-1024x768.jpg 1024w, https:\/\/greg.lecairn.org\/wp-content\/uploads\/2017\/01\/Arequipa-9-300x225.jpg 300w, https:\/\/greg.lecairn.org\/wp-content\/uploads\/2017\/01\/Arequipa-9-768x576.jpg 768w\" sizes=\"auto, (max-width: 474px) 100vw, 474px\" \/><\/a> <a href=\"http:\/\/greg.lecairn.org\/wp-content\/uploads\/2017\/01\/Arequipa-8.jpg\"><img loading=\"lazy\" decoding=\"async\" class=\"aligncenter size-large wp-image-719\" src=\"http:\/\/greg.lecairn.org\/wp-content\/uploads\/2017\/01\/Arequipa-8-768x1024.jpg\" alt=\"\" width=\"474\" height=\"632\" srcset=\"https:\/\/greg.lecairn.org\/wp-content\/uploads\/2017\/01\/Arequipa-8-768x1024.jpg 768w, https:\/\/greg.lecairn.org\/wp-content\/uploads\/2017\/01\/Arequipa-8-225x300.jpg 225w\" sizes=\"auto, (max-width: 474px) 100vw, 474px\" \/><\/a> <a href=\"http:\/\/greg.lecairn.org\/wp-content\/uploads\/2017\/01\/Arequipa-7.jpg\"><img loading=\"lazy\" decoding=\"async\" class=\"aligncenter size-large wp-image-718\" src=\"http:\/\/greg.lecairn.org\/wp-content\/uploads\/2017\/01\/Arequipa-7-1024x768.jpg\" alt=\"\" width=\"474\" height=\"356\" srcset=\"https:\/\/greg.lecairn.org\/wp-content\/uploads\/2017\/01\/Arequipa-7-1024x768.jpg 1024w, https:\/\/greg.lecairn.org\/wp-content\/uploads\/2017\/01\/Arequipa-7-300x225.jpg 300w, https:\/\/greg.lecairn.org\/wp-content\/uploads\/2017\/01\/Arequipa-7-768x576.jpg 768w\" sizes=\"auto, (max-width: 474px) 100vw, 474px\" \/><\/a> <a href=\"http:\/\/greg.lecairn.org\/wp-content\/uploads\/2017\/01\/Arequipa-6.jpg\"><img loading=\"lazy\" decoding=\"async\" class=\"aligncenter size-large wp-image-717\" src=\"http:\/\/greg.lecairn.org\/wp-content\/uploads\/2017\/01\/Arequipa-6-1024x768.jpg\" alt=\"\" width=\"474\" height=\"356\" srcset=\"https:\/\/greg.lecairn.org\/wp-content\/uploads\/2017\/01\/Arequipa-6-1024x768.jpg 1024w, https:\/\/greg.lecairn.org\/wp-content\/uploads\/2017\/01\/Arequipa-6-300x225.jpg 300w, https:\/\/greg.lecairn.org\/wp-content\/uploads\/2017\/01\/Arequipa-6-768x576.jpg 768w\" sizes=\"auto, (max-width: 474px) 100vw, 474px\" \/><\/a> <a href=\"http:\/\/greg.lecairn.org\/wp-content\/uploads\/2017\/01\/Arequipa-5.jpg\"><img loading=\"lazy\" decoding=\"async\" class=\"aligncenter size-large wp-image-716\" src=\"http:\/\/greg.lecairn.org\/wp-content\/uploads\/2017\/01\/Arequipa-5-768x1024.jpg\" alt=\"\" width=\"474\" height=\"632\" srcset=\"https:\/\/greg.lecairn.org\/wp-content\/uploads\/2017\/01\/Arequipa-5-768x1024.jpg 768w, https:\/\/greg.lecairn.org\/wp-content\/uploads\/2017\/01\/Arequipa-5-225x300.jpg 225w\" sizes=\"auto, (max-width: 474px) 100vw, 474px\" \/><\/a> <a href=\"http:\/\/greg.lecairn.org\/wp-content\/uploads\/2017\/01\/Arequipa-4.jpg\"><img loading=\"lazy\" decoding=\"async\" class=\"aligncenter size-large wp-image-715\" src=\"http:\/\/greg.lecairn.org\/wp-content\/uploads\/2017\/01\/Arequipa-4-768x1024.jpg\" alt=\"\" width=\"474\" height=\"632\" srcset=\"https:\/\/greg.lecairn.org\/wp-content\/uploads\/2017\/01\/Arequipa-4-768x1024.jpg 768w, https:\/\/greg.lecairn.org\/wp-content\/uploads\/2017\/01\/Arequipa-4-225x300.jpg 225w\" sizes=\"auto, (max-width: 474px) 100vw, 474px\" \/><\/a> <a href=\"http:\/\/greg.lecairn.org\/wp-content\/uploads\/2017\/01\/Arequipa-3.jpg\"><img loading=\"lazy\" decoding=\"async\" class=\"aligncenter size-large wp-image-714\" src=\"http:\/\/greg.lecairn.org\/wp-content\/uploads\/2017\/01\/Arequipa-3-768x1024.jpg\" alt=\"\" width=\"474\" height=\"632\" srcset=\"https:\/\/greg.lecairn.org\/wp-content\/uploads\/2017\/01\/Arequipa-3-768x1024.jpg 768w, https:\/\/greg.lecairn.org\/wp-content\/uploads\/2017\/01\/Arequipa-3-225x300.jpg 225w\" sizes=\"auto, (max-width: 474px) 100vw, 474px\" \/><\/a> <a href=\"http:\/\/greg.lecairn.org\/wp-content\/uploads\/2017\/01\/Arequipa-2.jpg\"><img loading=\"lazy\" decoding=\"async\" class=\"aligncenter size-large wp-image-713\" src=\"http:\/\/greg.lecairn.org\/wp-content\/uploads\/2017\/01\/Arequipa-2-768x1024.jpg\" alt=\"\" width=\"474\" height=\"632\" srcset=\"https:\/\/greg.lecairn.org\/wp-content\/uploads\/2017\/01\/Arequipa-2-768x1024.jpg 768w, https:\/\/greg.lecairn.org\/wp-content\/uploads\/2017\/01\/Arequipa-2-225x300.jpg 225w\" sizes=\"auto, (max-width: 474px) 100vw, 474px\" \/><\/a> <a href=\"http:\/\/greg.lecairn.org\/wp-content\/uploads\/2017\/01\/Arequipa-1.jpg\"><img loading=\"lazy\" decoding=\"async\" class=\"aligncenter size-large wp-image-712\" src=\"http:\/\/greg.lecairn.org\/wp-content\/uploads\/2017\/01\/Arequipa-1-1024x768.jpg\" alt=\"\" width=\"474\" height=\"356\" srcset=\"https:\/\/greg.lecairn.org\/wp-content\/uploads\/2017\/01\/Arequipa-1-1024x768.jpg 1024w, https:\/\/greg.lecairn.org\/wp-content\/uploads\/2017\/01\/Arequipa-1-300x225.jpg 300w, https:\/\/greg.lecairn.org\/wp-content\/uploads\/2017\/01\/Arequipa-1-768x576.jpg 768w\" sizes=\"auto, (max-width: 474px) 100vw, 474px\" \/><\/a><\/p>\n<p>Et puis vient le temps de partir vers le Sud. Camille doit aller, assez rapidement, jusqu&#8217;\u00e0 Coquimbo, au Chili, pour travailler une ultime fois sur ce continent. On prends un bus un matin jusqu&#8217;\u00e0 Tacna, la fronti\u00e8re avec le Chili, on arrive l&#8217;apr\u00e8s-midi, on traverse la fronti\u00e8re et on arrive le soir \u00e0 Arica. On d\u00e9cide d&#8217;y rester la nuit avant de reprendre un bus de 24h pour Coquimbo. Arica, de nuit, c&#8217;est une ville fronti\u00e8re. De jour aussi d&#8217;ailleurs. Il y a probablement des aspects le fun dans cette ville, mais on l&#8217;a pas vu. On passe la nuit dans un tr\u00e8s digne repr\u00e9sentant des h\u00f4tels frontaliers, ces bouges immondes o\u00f9 tu ose pas trop dormir de peur d&#8217;attraper la peste et la l\u00e8pres apr\u00e8s avoir \u00e9tait d\u00e9trouss\u00e9 par les tenanciers v\u00e9reux. Bien heureusement, rien de tout cela ne se passe, m\u00eame si les draps \u00e9taient douteux et les propri\u00e9taires tr\u00e8s probablement magouilleurs. C&#8217;est bizarre d&#8217;\u00eatre de nouveau de retour au Chili. Bient\u00f4t Santiago je me dis. Avant on a 2500km \u00e0 faire en bus et on va s&#8217;arr\u00eater \u00e0 Coquimbo, une ville portuaire que je ne connais pas&#8230; Il fait beau, il fait chaud, il fait sec.<\/p>\n<p><a href=\"http:\/\/greg.lecairn.org\/wp-content\/uploads\/2017\/01\/Pisac-16.jpg\"><img loading=\"lazy\" decoding=\"async\" class=\"aligncenter size-large wp-image-750\" src=\"http:\/\/greg.lecairn.org\/wp-content\/uploads\/2017\/01\/Pisac-16-768x1024.jpg\" alt=\"\" width=\"474\" height=\"632\" srcset=\"https:\/\/greg.lecairn.org\/wp-content\/uploads\/2017\/01\/Pisac-16-768x1024.jpg 768w, https:\/\/greg.lecairn.org\/wp-content\/uploads\/2017\/01\/Pisac-16-225x300.jpg 225w\" sizes=\"auto, (max-width: 474px) 100vw, 474px\" \/><\/a> <a href=\"http:\/\/greg.lecairn.org\/wp-content\/uploads\/2017\/01\/Arequipa-13.jpg\"><img loading=\"lazy\" decoding=\"async\" class=\"aligncenter size-large wp-image-756\" src=\"http:\/\/greg.lecairn.org\/wp-content\/uploads\/2017\/01\/Arequipa-13-1024x768.jpg\" alt=\"\" width=\"474\" height=\"356\" srcset=\"https:\/\/greg.lecairn.org\/wp-content\/uploads\/2017\/01\/Arequipa-13-1024x768.jpg 1024w, https:\/\/greg.lecairn.org\/wp-content\/uploads\/2017\/01\/Arequipa-13-300x225.jpg 300w, https:\/\/greg.lecairn.org\/wp-content\/uploads\/2017\/01\/Arequipa-13-768x576.jpg 768w\" sizes=\"auto, (max-width: 474px) 100vw, 474px\" \/><\/a> <a href=\"http:\/\/greg.lecairn.org\/wp-content\/uploads\/2017\/01\/Arequipa-15.jpg\"><img loading=\"lazy\" decoding=\"async\" class=\"aligncenter size-large wp-image-751\" src=\"http:\/\/greg.lecairn.org\/wp-content\/uploads\/2017\/01\/Arequipa-15-768x1024.jpg\" alt=\"\" width=\"474\" height=\"632\" srcset=\"https:\/\/greg.lecairn.org\/wp-content\/uploads\/2017\/01\/Arequipa-15-768x1024.jpg 768w, https:\/\/greg.lecairn.org\/wp-content\/uploads\/2017\/01\/Arequipa-15-225x300.jpg 225w\" sizes=\"auto, (max-width: 474px) 100vw, 474px\" \/><\/a><\/p>\n<p>PS : Certaines photos ont \u00e9t\u00e9 prises par Arthur et Camille, mais je sais plus lesquelles&#8230; Qu&#8217;ils en soient remerci\u00e9s !<\/p>\n<p>&nbsp;<\/p>\n","protected":false},"excerpt":{"rendered":"<p>La deuxi\u00e8me partie de mon (premier) passage au P\u00e9rou peut \u00eatre r\u00e9sum\u00e9e par cette heureuse expression de Myriam : ce furent de fort joyeuses retrouvailles ! On s&#8217;est tout d&#8217;abord retrouv\u00e9 avec Arthur et Camille dans un hostal qu&#8217;un ami de Quito m&#8217;avait recommand\u00e9. C&#8217;est l&#8217;hostal le moins cher de mon voyage pour l&#8217;instant. C&#8217;est &hellip; <a href=\"https:\/\/greg.lecairn.org\/?p=711\" class=\"more-link\">Continue reading <span class=\"screen-reader-text\">P\u00e9rou (II) : &#8220;Feliz retrouvailles&#8221;<\/span> <span class=\"meta-nav\">&rarr;<\/span><\/a><\/p>\n","protected":false},"author":1,"featured_media":0,"comment_status":"open","ping_status":"open","sticky":false,"template":"","format":"standard","meta":{"footnotes":""},"categories":[11],"tags":[],"class_list":["post-711","post","type-post","status-publish","format-standard","hentry","category-hivers-al"],"_links":{"self":[{"href":"https:\/\/greg.lecairn.org\/index.php?rest_route=\/wp\/v2\/posts\/711","targetHints":{"allow":["GET"]}}],"collection":[{"href":"https:\/\/greg.lecairn.org\/index.php?rest_route=\/wp\/v2\/posts"}],"about":[{"href":"https:\/\/greg.lecairn.org\/index.php?rest_route=\/wp\/v2\/types\/post"}],"author":[{"embeddable":true,"href":"https:\/\/greg.lecairn.org\/index.php?rest_route=\/wp\/v2\/users\/1"}],"replies":[{"embeddable":true,"href":"https:\/\/greg.lecairn.org\/index.php?rest_route=%2Fwp%2Fv2%2Fcomments&post=711"}],"version-history":[{"count":1,"href":"https:\/\/greg.lecairn.org\/index.php?rest_route=\/wp\/v2\/posts\/711\/revisions"}],"predecessor-version":[{"id":757,"href":"https:\/\/greg.lecairn.org\/index.php?rest_route=\/wp\/v2\/posts\/711\/revisions\/757"}],"wp:attachment":[{"href":"https:\/\/greg.lecairn.org\/index.php?rest_route=%2Fwp%2Fv2%2Fmedia&parent=711"}],"wp:term":[{"taxonomy":"category","embeddable":true,"href":"https:\/\/greg.lecairn.org\/index.php?rest_route=%2Fwp%2Fv2%2Fcategories&post=711"},{"taxonomy":"post_tag","embeddable":true,"href":"https:\/\/greg.lecairn.org\/index.php?rest_route=%2Fwp%2Fv2%2Ftags&post=711"}],"curies":[{"name":"wp","href":"https:\/\/api.w.org\/{rel}","templated":true}]}}